{"id":254,"date":"2021-04-21T22:19:00","date_gmt":"2021-04-21T22:19:00","guid":{"rendered":"https:\/\/mehmet-kaymakci.de\/?p=254"},"modified":"2021-05-18T13:44:03","modified_gmt":"2021-05-18T13:44:03","slug":"bir-guncel-sayfa","status":"publish","type":"post","link":"https:\/\/mehmet-kaymakci.de\/tr\/bir-guncel-sayfa","title":{"rendered":"Mehmet Kaymak\u00e7\u0131&#8217;n\u0131n cinayet anma t\u00f6reninin 35. y\u0131l d\u00f6n\u00fcm\u00fc"},"content":{"rendered":"\n<p>Cinayetin 35. y\u0131ld\u00f6n\u00fcm\u00fcnde \u201cRamazan Avc\u0131 <em>\u0130nisiyatifi<\/em>\u201d Mehmet Kaymak\u00e7\u0131&#8217;y\u0131 anma t\u00f6reniyle <em>an\u0131ld\u0131<\/em>. Mehmet Kaymak\u00e7\u0131&#8217;n\u0131n T\u00fcrkiye ve Hollanda&#8217;dan yak\u0131nlar\u0131 telefonla ba\u011fland\u0131 ve \u00f6l\u00fcm\u00fcn\u00fcn hala aile i\u00e7in \u00f6nemli anlam ta\u015f\u0131d\u0131\u011f\u0131n\u0131 bildirdi.<\/p>\n\n\n\n<p>Mehmet Kaymak\u00e7\u0131&#8217;n\u0131n an\u0131s\u0131 24 Temmuz 2020&#8217;de Kiwittsmoorpark&#8217;taki olay yerinde ger\u00e7ekle\u015fti.<\/p>\n","protected":false},"excerpt":{"rendered":"<p>Cinayetin 35. y\u0131ld\u00f6n\u00fcm\u00fcnde \u201cRamazan Avc\u0131 \u0130nisiyatifi\u201d Mehmet Kaymak\u00e7\u0131&#8217;y\u0131 anma t\u00f6reniyle an\u0131ld\u0131. Mehmet Kaymak\u00e7\u0131&#8217;n\u0131n T\u00fcrkiye ve Hollanda&#8217;dan yak\u0131nlar\u0131 telefonla ba\u011fland\u0131 ve \u00f6l\u00fcm\u00fcn\u00fcn hala aile i\u00e7in \u00f6nemli anlam ta\u015f\u0131d\u0131\u011f\u0131n\u0131 bildirdi. Mehmet Kaymak\u00e7\u0131&#8217;n\u0131n an\u0131s\u0131 24 Temmuz 2020&#8217;de Kiwittsmoorpark&#8217;taki olay yerinde ger\u00e7ekle\u015fti.<\/p>\n","protected":false},"author":1,"featured_media":0,"comment_status":"closed","ping_status":"open","sticky":false,"template":"","format":"standard","meta":{"_coblocks_attr":"","_coblocks_dimensions":"","_coblocks_responsive_height":"","_coblocks_accordion_ie_support":"","hide_page_title":"","footnotes":""},"categories":[5],"tags":[],"class_list":["post-254","post","type-post","status-publish","format-standard","hentry","category-guencel"],"_links":{"self":[{"href":"https:\/\/mehmet-kaymakci.de\/tr\/wp-json\/wp\/v2\/posts\/254","targetHints":{"allow":["GET"]}}],"collection":[{"href":"https:\/\/mehmet-kaymakci.de\/tr\/wp-json\/wp\/v2\/posts"}],"about":[{"href":"https:\/\/mehmet-kaymakci.de\/tr\/wp-json\/wp\/v2\/types\/post"}],"author":[{"embeddable":true,"href":"https:\/\/mehmet-kaymakci.de\/tr\/wp-json\/wp\/v2\/users\/1"}],"replies":[{"embeddable":true,"href":"https:\/\/mehmet-kaymakci.de\/tr\/wp-json\/wp\/v2\/comments?post=254"}],"version-history":[{"count":4,"href":"https:\/\/mehmet-kaymakci.de\/tr\/wp-json\/wp\/v2\/posts\/254\/revisions"}],"predecessor-version":[{"id":338,"href":"https:\/\/mehmet-kaymakci.de\/tr\/wp-json\/wp\/v2\/posts\/254\/revisions\/338"}],"wp:attachment":[{"href":"https:\/\/mehmet-kaymakci.de\/tr\/wp-json\/wp\/v2\/media?parent=254"}],"wp:term":[{"taxonomy":"category","embeddable":true,"href":"https:\/\/mehmet-kaymakci.de\/tr\/wp-json\/wp\/v2\/categories?post=254"},{"taxonomy":"post_tag","embeddable":true,"href":"https:\/\/mehmet-kaymakci.de\/tr\/wp-json\/wp\/v2\/tags?post=254"}],"curies":[{"name":"wp","href":"https:\/\/api.w.org\/{rel}","templated":true}]}}